{"id":11931,"date":"2026-01-09T18:07:38","date_gmt":"2026-01-09T23:07:38","guid":{"rendered":"https:\/\/transitobucaramanga.gov.co\/dtb\/?p=11931"},"modified":"2026-01-13T08:20:34","modified_gmt":"2026-01-13T13:20:34","slug":"pico-y-placa-de-2026-inicia-el-13-de-enero-tenga-en-cuenta-la-medida","status":"publish","type":"post","link":"https:\/\/transitobucaramanga.gov.co\/dtb\/archivos\/11931","title":{"rendered":"Pico y Placa de 2026 inicia el 13 de enero, tenga en cuenta la medida"},"content":{"rendered":"<p style=\"font-weight: 400;\">La Direcci\u00f3n de Tr\u00e1nsito de Bucaramanga recuerda a la ciudadan\u00eda que la medida de Pico y Placa para veh\u00edculos particulares correspondiente al a\u00f1o 2026, iniciar\u00e1 su aplicaci\u00f3n el martes 13 de enero, conforme a lo establecido en la Resoluci\u00f3n No. 854 de 2025.<\/p>\n<p style=\"font-weight: 400;\">La medida mantendr\u00e1 las mismas disposiciones reglamentarias vigentes durante el a\u00f1o anterior, tanto en horarios como en el esquema de rotaci\u00f3n, con una modificaci\u00f3n relacionada con la rotaci\u00f3n trimestral, la cual comenzar\u00e1 el primer lunes de cada trimestre.<\/p>\n<p style=\"font-weight: 400;\"><strong>Programaci\u00f3n Primer trimestre de 2026<br \/>\n<\/strong><\/p>\n<p style=\"font-weight: 400;\"><img data-recalc-dims=\"1\" decoding=\"async\" class=\"lazyload aligncenter size-full wp-image-11933\" src=\"https:\/\/i0.wp.com\/transitobucaramanga.gov.co\/dtb\/wp-content\/uploads\/2026\/01\/Programacion-primer-trimestre-de-2026.png?resize=411%2C125&#038;ssl=1\" data-orig-src=\"https:\/\/transitobucaramanga.gov.co\/dtb\/wp-content\/uploads\/2026\/01\/Programacion-primer-trimestre-de-2026.png\" alt=\"\" width=\"411\" height=\"125\" srcset=\"data:image\/svg+xml,%3Csvg%20xmlns%3D%27http%3A%2F%2Fwww.w3.org%2F2000%2Fsvg%27%20width%3D%27411%27%20height%3D%27125%27%20viewBox%3D%270%200%20411%20125%27%3E%3Crect%20width%3D%27411%27%20height%3D%27125%27%20fill-opacity%3D%220%22%2F%3E%3C%2Fsvg%3E\" data-srcset=\"https:\/\/i0.wp.com\/transitobucaramanga.gov.co\/dtb\/wp-content\/uploads\/2026\/01\/Programacion-primer-trimestre-de-2026.png?resize=200%2C61&amp;ssl=1 200w, https:\/\/i0.wp.com\/transitobucaramanga.gov.co\/dtb\/wp-content\/uploads\/2026\/01\/Programacion-primer-trimestre-de-2026.png?resize=300%2C91&amp;ssl=1 300w, https:\/\/i0.wp.com\/transitobucaramanga.gov.co\/dtb\/wp-content\/uploads\/2026\/01\/Programacion-primer-trimestre-de-2026.png?resize=400%2C122&amp;ssl=1 400w, https:\/\/i0.wp.com\/transitobucaramanga.gov.co\/dtb\/wp-content\/uploads\/2026\/01\/Programacion-primer-trimestre-de-2026.png?w=411&amp;ssl=1 411w\" data-sizes=\"auto\" data-orig-sizes=\"(max-width: 411px) 100vw, 411px\" \/><br \/>\n<strong>S\u00e1bados:<br \/>\n<img data-recalc-dims=\"1\" decoding=\"async\" class=\"lazyload aligncenter size-full wp-image-11932\" src=\"https:\/\/i0.wp.com\/transitobucaramanga.gov.co\/dtb\/wp-content\/uploads\/2026\/01\/Sabados-primer-trimestre-2026.png?resize=511%2C203&#038;ssl=1\" data-orig-src=\"https:\/\/transitobucaramanga.gov.co\/dtb\/wp-content\/uploads\/2026\/01\/Sabados-primer-trimestre-2026.png\" alt=\"\" width=\"511\" height=\"203\" srcset=\"data:image\/svg+xml,%3Csvg%20xmlns%3D%27http%3A%2F%2Fwww.w3.org%2F2000%2Fsvg%27%20width%3D%27511%27%20height%3D%27203%27%20viewBox%3D%270%200%20511%20203%27%3E%3Crect%20width%3D%27511%27%20height%3D%27203%27%20fill-opacity%3D%220%22%2F%3E%3C%2Fsvg%3E\" data-srcset=\"https:\/\/i0.wp.com\/transitobucaramanga.gov.co\/dtb\/wp-content\/uploads\/2026\/01\/Sabados-primer-trimestre-2026.png?resize=200%2C79&amp;ssl=1 200w, https:\/\/i0.wp.com\/transitobucaramanga.gov.co\/dtb\/wp-content\/uploads\/2026\/01\/Sabados-primer-trimestre-2026.png?resize=300%2C119&amp;ssl=1 300w, https:\/\/i0.wp.com\/transitobucaramanga.gov.co\/dtb\/wp-content\/uploads\/2026\/01\/Sabados-primer-trimestre-2026.png?resize=400%2C159&amp;ssl=1 400w, https:\/\/i0.wp.com\/transitobucaramanga.gov.co\/dtb\/wp-content\/uploads\/2026\/01\/Sabados-primer-trimestre-2026.png?w=511&amp;ssl=1 511w\" data-sizes=\"auto\" data-orig-sizes=\"(max-width: 511px) 100vw, 511px\" \/><br \/>\n<\/strong><\/p>\n<p style=\"font-weight: 400;\"><strong>Rotaci\u00f3n trimestral<\/strong><\/p>\n<p style=\"font-weight: 400;\">Finalizado el primer trimestre, la rotaci\u00f3n del Pico y Placa se realizar\u00e1 en las siguientes fechas:\u00a0 6 de abril &#8211; \u00a06 de julio y 5 de octubre.<\/p>\n<p style=\"font-weight: 400;\">Horarios<\/p>\n<ul>\n<li style=\"font-weight: 400;\">\u00a0\u00a0\u00a0\u00a0\u00a0\u00a0\u00a0\u00a0\u00a0\u00a0 Lunes a Viernes: \u00a0\u00a0\u00a06:00 a.m. a 8:00 p.m.<\/li>\n<li style=\"font-weight: 400;\">\u00a0\u00a0\u00a0\u00a0\u00a0\u00a0\u00a0\u00a0\u00a0\u00a0 S\u00e1bados:\u00a0\u00a0\u00a0\u00a0\u00a0\u00a0\u00a0\u00a0\u00a0\u00a0\u00a0\u00a0\u00a0\u00a0\u00a0\u00a0 \u00a09:00 a.m. a 1:00 p.m.<\/li>\n<\/ul>\n<p style=\"font-weight: 400;\">Tenga en cuenta que el incumplimiento de la medida acarrea una sanci\u00f3n equivalente a 15 SMDLV y el veh\u00edculo puede ser inmovilizado.<\/p>\n<h2><a href=\"https:\/\/transitobucaramanga.gov.co\/dtb\/wp-content\/uploads\/2026\/01\/130120206-Pico-y-Placa-de-2026-inicia-el-13-de-enero.pdf\" target=\"_blank\" rel=\"noopener\"><span style=\"color: #34ba3d;\">Ver Comunicado de Prensa<\/span><\/a><\/h2>\n","protected":false},"excerpt":{"rendered":"<p>La Direcci\u00f3n de Tr\u00e1nsito de Bucaramanga recuerda a la ciudadan\u00eda que la medida de Pico y Placa para veh\u00edculos particulares correspondiente al a\u00f1o 2026, iniciar\u00e1 su aplicaci\u00f3n el martes 13 de enero, conforme a lo establecido en la Resoluci\u00f3n No. 854 de 2025. La medida mantendr\u00e1 las mismas disposiciones reglamentarias vigentes durante el a\u00f1o anterior,  [&#8230;]<\/p>\n","protected":false},"author":1,"featured_media":11917,"comment_status":"closed","ping_status":"closed","sticky":false,"template":"","format":"standard","meta":{"_jetpack_memberships_contains_paid_content":false,"footnotes":""},"categories":[1],"tags":[],"class_list":["post-11931","post","type-post","status-publish","format-standard","has-post-thumbnail","hentry","category-sin-categoria"],"jetpack_featured_media_url":"https:\/\/i0.wp.com\/transitobucaramanga.gov.co\/dtb\/wp-content\/uploads\/2026\/01\/Pico-y-Placa-Rotacion-enero-a-marzo-de-2026.png?fit=1080%2C1080&ssl=1","jetpack_sharing_enabled":true,"_links":{"self":[{"href":"https:\/\/transitobucaramanga.gov.co\/dtb\/wp-json\/wp\/v2\/posts\/11931","targetHints":{"allow":["GET"]}}],"collection":[{"href":"https:\/\/transitobucaramanga.gov.co\/dtb\/wp-json\/wp\/v2\/posts"}],"about":[{"href":"https:\/\/transitobucaramanga.gov.co\/dtb\/wp-json\/wp\/v2\/types\/post"}],"author":[{"embeddable":true,"href":"https:\/\/transitobucaramanga.gov.co\/dtb\/wp-json\/wp\/v2\/users\/1"}],"replies":[{"embeddable":true,"href":"https:\/\/transitobucaramanga.gov.co\/dtb\/wp-json\/wp\/v2\/comments?post=11931"}],"version-history":[{"count":4,"href":"https:\/\/transitobucaramanga.gov.co\/dtb\/wp-json\/wp\/v2\/posts\/11931\/revisions"}],"predecessor-version":[{"id":11937,"href":"https:\/\/transitobucaramanga.gov.co\/dtb\/wp-json\/wp\/v2\/posts\/11931\/revisions\/11937"}],"wp:featuredmedia":[{"embeddable":true,"href":"https:\/\/transitobucaramanga.gov.co\/dtb\/wp-json\/wp\/v2\/media\/11917"}],"wp:attachment":[{"href":"https:\/\/transitobucaramanga.gov.co\/dtb\/wp-json\/wp\/v2\/media?parent=11931"}],"wp:term":[{"taxonomy":"category","embeddable":true,"href":"https:\/\/transitobucaramanga.gov.co\/dtb\/wp-json\/wp\/v2\/categories?post=11931"},{"taxonomy":"post_tag","embeddable":true,"href":"https:\/\/transitobucaramanga.gov.co\/dtb\/wp-json\/wp\/v2\/tags?post=11931"}],"curies":[{"name":"wp","href":"https:\/\/api.w.org\/{rel}","templated":true}]}}