{"id":12147,"date":"2026-03-13T20:53:32","date_gmt":"2026-03-14T01:53:32","guid":{"rendered":"https:\/\/transitobucaramanga.gov.co\/dtb\/?p=12147"},"modified":"2026-03-16T07:56:07","modified_gmt":"2026-03-16T12:56:07","slug":"desde-el-20-de-marzo-regresa-la-restriccion-nocturna-para-motocicletas-en-bucaramanga","status":"publish","type":"post","link":"https:\/\/transitobucaramanga.gov.co\/dtb\/archivos\/12147","title":{"rendered":"Desde el 20 de marzo regresa la restricci\u00f3n nocturna para motocicletas en Bucaramanga."},"content":{"rendered":"<p style=\"font-weight: 400;\"><u>La medida aplicar\u00e1 entre las 00:00 y las 4:00 de la ma\u00f1ana de viernes a lunes y d\u00edas festivos. \u00a0<\/u><\/p>\n<p style=\"font-weight: 400;\">La Direcci\u00f3n de Tr\u00e1nsito de Bucaramanga -DTB, informa que a partir del 20 de marzo de 2026, entrar\u00e1 nuevamente en vigencia la restricci\u00f3n nocturna para la circulaci\u00f3n de motocicletas en el municipio.<\/p>\n<p style=\"font-weight: 400;\">La medida fue adoptada mediante la Resoluci\u00f3n 152 de 2026, luego de que la disposici\u00f3n anterior fuera declarada nula por decisi\u00f3n judicial. En ese sentido, la DTB acat\u00f3 los lineamientos establecidos por la autoridad judicial y expidi\u00f3 un nuevo acto administrativo orientado a fortalecer la seguridad vial y contribuir al control del transporte informal en la ciudad.<\/p>\n<p style=\"font-weight: 400;\">De acuerdo con lo establecido en la resoluci\u00f3n, la restricci\u00f3n aplicar\u00e1 para motocicletas, motociclos, mototriciclos y cuatrimotos, y regir\u00e1 de viernes a lunes y durante los d\u00edas festivos, entre las 00:00 y las 4:00 de la ma\u00f1ana del d\u00eda siguiente.<\/p>\n<p style=\"font-weight: 400;\">El director de Tr\u00e1nsito de Bucaramanga, Jhair Manrique, explic\u00f3 que la medida tambi\u00e9n responde al cumplimiento de lo dispuesto en el Acuerdo Metropolitano 023 de 2013, normativa vigente orientada a la protecci\u00f3n de la vida de los motociclistas y de los dem\u00e1s actores viales.<\/p>\n<p style=\"font-weight: 400;\">\u201cCon esta decisi\u00f3n no solo damos cumplimiento a las disposiciones judiciales, sino que continuamos implementando acciones que contribuyen a salvar vidas. Las cifras de 2025 evidencian que, durante la aplicaci\u00f3n de la restricci\u00f3n nocturna, se registr\u00f3 una reducci\u00f3n de 10 v\u00edctimas fatales en siniestros viales\u201d, se\u00f1al\u00f3 el funcionario.<\/p>\n<p style=\"font-weight: 400;\">La disposici\u00f3n establece que los conductores que deban movilizarse durante el horario de restricci\u00f3n por motivos laborales, podr\u00e1n hacerlo \u00fanicamente sin acompa\u00f1ante.<\/p>\n<p style=\"font-weight: 400;\">Quienes incumplan esta medida se exponen a una multa equivalente a 52,28 Unidades de Valor B\u00e1sico, es decir $633.111, adem\u00e1s de la inmovilizaci\u00f3n del veh\u00edculo.<\/p>\n<p style=\"font-weight: 400;\">La Direcci\u00f3n de Tr\u00e1nsito adelantar\u00e1 una etapa pedag\u00f3gica y de socializaci\u00f3n entre el 13 y el 19 de marzo, mientras que a partir del 20 de marzo comenzar\u00e1 la imposici\u00f3n de sanciones a quienes incumplan la restricci\u00f3n.<\/p>\n<p style=\"font-weight: 400;\">Para conocer las excepciones, detalles y alcances de la medida, los ciudadanos pueden consultar la Resoluci\u00f3n 152 de 2026 en la p\u00e1gina web oficial de la entidad:<\/p>\n<p style=\"font-weight: 400;\"><a href=\"http:\/\/www.transitobucaramanga.gov.co\/\" data-saferedirecturl=\"https:\/\/www.google.com\/url?q=http:\/\/www.transitobucaramanga.gov.co&amp;source=gmail&amp;ust=1773751723798000&amp;usg=AOvVaw2gjxqwvKZLkX3HvR06d_CY\">www.transitobucaramanga.gov.co<\/a><\/p>\n<p>&nbsp;<\/p>\n<h2><a href=\"https:\/\/transitobucaramanga.gov.co\/dtb\/wp-content\/uploads\/2026\/03\/comunicado-restriccion-nocturna-motocicletas-marzo-2026.pdf\" target=\"_blank\" rel=\"noopener\"><span style=\"color: #34ba3d;\">Ver Comunicado de Prensa<\/span><\/a><\/h2>\n<p style=\"font-weight: 400;\">\nOficina Comunicaci\u00f3n y Prensa<\/p>\n<p style=\"font-weight: 400;\">Direcci\u00f3n de Tr\u00e1nsito de Bucaramanga.<\/p>\n","protected":false},"excerpt":{"rendered":"<p>La medida aplicar\u00e1 entre las 00:00 y las 4:00 de la ma\u00f1ana de viernes a lunes y d\u00edas festivos. \u00a0 La Direcci\u00f3n de Tr\u00e1nsito de Bucaramanga -DTB, informa que a partir del 20 de marzo de 2026, entrar\u00e1 nuevamente en vigencia la restricci\u00f3n nocturna para la circulaci\u00f3n de motocicletas en el municipio. La medida fue  [&#8230;]<\/p>\n","protected":false},"author":1,"featured_media":12145,"comment_status":"closed","ping_status":"closed","sticky":false,"template":"","format":"standard","meta":{"_jetpack_memberships_contains_paid_content":false,"footnotes":""},"categories":[1],"tags":[],"class_list":["post-12147","post","type-post","status-publish","format-standard","has-post-thumbnail","hentry","category-sin-categoria"],"jetpack_featured_media_url":"https:\/\/i0.wp.com\/transitobucaramanga.gov.co\/dtb\/wp-content\/uploads\/2026\/03\/banner-restriccion-nocturna-motocicletas-marzo-2026.jpeg?fit=1080%2C1080&ssl=1","jetpack_sharing_enabled":true,"_links":{"self":[{"href":"https:\/\/transitobucaramanga.gov.co\/dtb\/wp-json\/wp\/v2\/posts\/12147","targetHints":{"allow":["GET"]}}],"collection":[{"href":"https:\/\/transitobucaramanga.gov.co\/dtb\/wp-json\/wp\/v2\/posts"}],"about":[{"href":"https:\/\/transitobucaramanga.gov.co\/dtb\/wp-json\/wp\/v2\/types\/post"}],"author":[{"embeddable":true,"href":"https:\/\/transitobucaramanga.gov.co\/dtb\/wp-json\/wp\/v2\/users\/1"}],"replies":[{"embeddable":true,"href":"https:\/\/transitobucaramanga.gov.co\/dtb\/wp-json\/wp\/v2\/comments?post=12147"}],"version-history":[{"count":1,"href":"https:\/\/transitobucaramanga.gov.co\/dtb\/wp-json\/wp\/v2\/posts\/12147\/revisions"}],"predecessor-version":[{"id":12148,"href":"https:\/\/transitobucaramanga.gov.co\/dtb\/wp-json\/wp\/v2\/posts\/12147\/revisions\/12148"}],"wp:featuredmedia":[{"embeddable":true,"href":"https:\/\/transitobucaramanga.gov.co\/dtb\/wp-json\/wp\/v2\/media\/12145"}],"wp:attachment":[{"href":"https:\/\/transitobucaramanga.gov.co\/dtb\/wp-json\/wp\/v2\/media?parent=12147"}],"wp:term":[{"taxonomy":"category","embeddable":true,"href":"https:\/\/transitobucaramanga.gov.co\/dtb\/wp-json\/wp\/v2\/categories?post=12147"},{"taxonomy":"post_tag","embeddable":true,"href":"https:\/\/transitobucaramanga.gov.co\/dtb\/wp-json\/wp\/v2\/tags?post=12147"}],"curies":[{"name":"wp","href":"https:\/\/api.w.org\/{rel}","templated":true}]}}