{"id":12194,"date":"2026-03-31T22:39:25","date_gmt":"2026-04-01T03:39:25","guid":{"rendered":"https:\/\/transitobucaramanga.gov.co\/dtb\/?p=12194"},"modified":"2026-04-06T08:44:55","modified_gmt":"2026-04-06T13:44:55","slug":"plan-de-movilidad-por-semana-santa-en-bucaramanga","status":"publish","type":"post","link":"https:\/\/transitobucaramanga.gov.co\/dtb\/archivos\/12194","title":{"rendered":"Plan de Movilidad por Semana Santa en Bucaramanga"},"content":{"rendered":"<p style=\"font-weight: 400;\">En el marco de \u201cBucaraSanta\u201d, agenda impulsada por la Administraci\u00f3n Municipal para promover actividades culturales, art\u00edsticas y tradicionales dirigidas a propios y visitantes durante la Semana Mayor, la Direcci\u00f3n de Tr\u00e1nsito de Bucaramanga implement\u00f3 un plan especial de regulaci\u00f3n vial orientado a proteger a quienes participen en estas actividades.<\/p>\n<p style=\"font-weight: 400;\">De acuerdo con el director de Tr\u00e1nsito de Bucaramanga, Jhair Manrique, como parte de estas medidas se dispuso el cierre del per\u00edmetro comprendido entre las carreras 9 y 13 y las calles 34 y 37, con ocasi\u00f3n del concierto del artista Alex Campos y otros eventos culturales que se realizar\u00e1n en la Plaza C\u00edvica. Estos cierres se implementar\u00e1n desde las 5:00 a.m. del mi\u00e9rcoles hasta las 12:00 de la noche del S\u00e1bado Santo. Se precisa que las v\u00edas restringidas ser\u00e1n las ubicadas al interior de este per\u00edmetro, manteni\u00e9ndose habilitadas las calles 34 y 37, as\u00ed como las carreras 9 y 13.<\/p>\n<p style=\"font-weight: 400;\">De igual manera, con motivo del tradicional viacrucis al cerro de Morrorico, se implementar\u00e1 el cierre del tramo de la v\u00eda a Pamplona, comprendido entre el Parque del Agua y el kil\u00f3metro 3, desde las 5:00 a.m. hasta las 2:00 p.m. del Viernes Santo. En atenci\u00f3n a este cierre, los veh\u00edculos de carga provenientes de la v\u00eda al mar que se dirijan a C\u00facuta deber\u00e1n permanecer en el sector conocido como Puente La Cemento, mientras se desarrolla la procesi\u00f3n hacia el santuario.<\/p>\n<p style=\"font-weight: 400;\">La Direcci\u00f3n de Tr\u00e1nsito de Bucaramanga dispondr\u00e1 de toda su capacidad operativa para la regulaci\u00f3n y control del tr\u00e1fico durante estas jornadas, con el fin de garantizar la seguridad vial y la movilidad.<\/p>\n<p style=\"font-weight: 400;\">La Administraci\u00f3n Municipal hace un llamado a la ciudadan\u00eda a acatar las disposiciones establecidas y adoptar comportamientos responsables en la v\u00eda, en pro del desarrollo ordenado y seguro de las actividades de BucaraSanta.<\/p>\n<p>&nbsp;<\/p>\n<h2 style=\"font-weight: 400;\"><a href=\"https:\/\/transitobucaramanga.gov.co\/dtb\/wp-content\/uploads\/2026\/04\/comunicado-movilidad-semana-santa-06042026.pdf\" target=\"_blank\" rel=\"noopener\"><span style=\"color: #34ba3d;\">Click ac\u00e1 para ver el comunicado<\/span><\/a><\/h2>\n<p style=\"font-weight: 400;\"><strong>Oficina de Comunicaci\u00f3n y Prensa<\/strong><\/p>\n<p style=\"font-weight: 400;\"><strong>Direcci\u00f3n de Tr\u00e1nsito de Bucaramanga<\/strong><\/p>\n","protected":false},"excerpt":{"rendered":"<p>En el marco de \u201cBucaraSanta\u201d, agenda impulsada por la Administraci\u00f3n Municipal para promover actividades culturales, art\u00edsticas y tradicionales dirigidas a propios y visitantes durante la Semana Mayor, la Direcci\u00f3n de Tr\u00e1nsito de Bucaramanga implement\u00f3 un plan especial de regulaci\u00f3n vial orientado a proteger a quienes participen en estas actividades. De acuerdo con el director de  [&#8230;]<\/p>\n","protected":false},"author":1,"featured_media":12193,"comment_status":"closed","ping_status":"closed","sticky":false,"template":"","format":"standard","meta":{"_jetpack_memberships_contains_paid_content":false,"footnotes":""},"categories":[1],"tags":[],"class_list":["post-12194","post","type-post","status-publish","format-standard","has-post-thumbnail","hentry","category-sin-categoria"],"jetpack_featured_media_url":"https:\/\/i0.wp.com\/transitobucaramanga.gov.co\/dtb\/wp-content\/uploads\/2026\/04\/banner-movilidad-semana-santa-06042026.jpeg?fit=1080%2C1080&ssl=1","jetpack_sharing_enabled":true,"_links":{"self":[{"href":"https:\/\/transitobucaramanga.gov.co\/dtb\/wp-json\/wp\/v2\/posts\/12194","targetHints":{"allow":["GET"]}}],"collection":[{"href":"https:\/\/transitobucaramanga.gov.co\/dtb\/wp-json\/wp\/v2\/posts"}],"about":[{"href":"https:\/\/transitobucaramanga.gov.co\/dtb\/wp-json\/wp\/v2\/types\/post"}],"author":[{"embeddable":true,"href":"https:\/\/transitobucaramanga.gov.co\/dtb\/wp-json\/wp\/v2\/users\/1"}],"replies":[{"embeddable":true,"href":"https:\/\/transitobucaramanga.gov.co\/dtb\/wp-json\/wp\/v2\/comments?post=12194"}],"version-history":[{"count":2,"href":"https:\/\/transitobucaramanga.gov.co\/dtb\/wp-json\/wp\/v2\/posts\/12194\/revisions"}],"predecessor-version":[{"id":12197,"href":"https:\/\/transitobucaramanga.gov.co\/dtb\/wp-json\/wp\/v2\/posts\/12194\/revisions\/12197"}],"wp:featuredmedia":[{"embeddable":true,"href":"https:\/\/transitobucaramanga.gov.co\/dtb\/wp-json\/wp\/v2\/media\/12193"}],"wp:attachment":[{"href":"https:\/\/transitobucaramanga.gov.co\/dtb\/wp-json\/wp\/v2\/media?parent=12194"}],"wp:term":[{"taxonomy":"category","embeddable":true,"href":"https:\/\/transitobucaramanga.gov.co\/dtb\/wp-json\/wp\/v2\/categories?post=12194"},{"taxonomy":"post_tag","embeddable":true,"href":"https:\/\/transitobucaramanga.gov.co\/dtb\/wp-json\/wp\/v2\/tags?post=12194"}],"curies":[{"name":"wp","href":"https:\/\/api.w.org\/{rel}","templated":true}]}}