{"id":12813,"date":"2026-09-04T14:11:17","date_gmt":"2026-09-04T19:11:17","guid":{"rendered":"https:\/\/transitobucaramanga.gov.co\/dtb\/?p=12813"},"modified":"2026-09-04T14:11:17","modified_gmt":"2026-09-04T19:11:17","slug":"cierres-viales-junto-al-estadio-montanini-este-fin-de-semana-por-festival-de-la-familia-y-super-concierto","status":"publish","type":"post","link":"https:\/\/transitobucaramanga.gov.co\/dtb\/archivos\/12813","title":{"rendered":"Cierres viales junto al estadio Montanini este fin de semana por Festival de la Familia y S\u00faper Concierto"},"content":{"rendered":"<p style=\"font-weight: 400;\">Con motivo de la realizaci\u00f3n de importantes eventos de la Feria Bonita en el estadio Am\u00e9rico Montanini, este fin de semana se implementar\u00e1n medidas especiales de movilidad en los alrededores de ese escenario.<\/p>\n<p style=\"font-weight: 400;\">Los cierres estar\u00e1n vigentes desde las 10:00 p. m. del jueves 3 de septiembre hasta las 5:00 a. m. del domingo 6 de septiembre, debido a la realizaci\u00f3n del Festival de la Familia o Concierto Gospel, el viernes, y el S\u00faper Concierto, programado para el 5 de septiembre.<\/p>\n<p style=\"font-weight: 400;\">Durante este periodo se implementar\u00e1n cierres totales en diferentes intersecciones del sector, entre ellas la carrera 30 con calle 11; las calles 13 y 13a con carrera 29; la calle 14 con carrera 29 en ambos sentidos; la calle 14 con carreras 30 y 33\u00aa en sentido oriente-occidente; la carrera 28 con Av. Eduardo Santos y las carreras 29, 31 y 32 con calle 16.<\/p>\n<p style=\"font-weight: 400;\">Asimismo, se presentar\u00e1n restricciones con acceso exclusivo al tr\u00e1nsito local en la calle 10 con carrera 28 sentido occidente-oriente; la calle 16 con carrera 30 y la carrera 32A con calle 17. Tambi\u00e9n habr\u00e1 un cierre parcial regulado mediante paleteros en la carrera 30 con calle 10.<\/p>\n<p style=\"font-weight: 400;\">El director de Tr\u00e1nsito de Bucaramanga, Jhair Manrique, invit\u00f3 a los ciudadanos a planear sus desplazamientos con anticipaci\u00f3n, utilizar v\u00edas alternas y atender las indicaciones de las autoridades.<\/p>\n<p style=\"font-weight: 400;\">Para quienes asistir\u00e1n a los eventos, la recomendaci\u00f3n es utilizar preferiblemente el servicio de transporte p\u00fablico y dejar el veh\u00edculo particular en casa, con el fin de evitar congestiones y facilitar la movilidad en los alrededores del estadio Am\u00e9rico Montanini.<\/p>\n<p style=\"font-weight: 400;\">\n<p style=\"font-weight: 400;\">\n<p style=\"font-weight: 400;\">Oficina Comunicaci\u00f3n y Prensa<\/p>\n<p style=\"font-weight: 400;\">Direcci\u00f3n de Tr\u00e1nsito de Bucaramanga<\/p>\n<p>&nbsp;<\/p>\n<h2><a href=\"https:\/\/transitobucaramanga.gov.co\/dtb\/wp-content\/uploads\/2026\/09\/Comunicado-04092026-concierto.pdf\" target=\"_blank\" rel=\"noopener\"><span style=\"color: #34ba3d;\">Ver comunicado de Prensa<\/span><\/a><\/h2>\n","protected":false},"excerpt":{"rendered":"<p>Con motivo de la realizaci\u00f3n de importantes eventos de la Feria Bonita en el estadio Am\u00e9rico Montanini, este fin de semana se implementar\u00e1n medidas especiales de movilidad en los alrededores de ese escenario. Los cierres estar\u00e1n vigentes desde las 10:00 p. m. del jueves 3 de septiembre hasta las 5:00 a. m. del domingo 6  [&#8230;]<\/p>\n","protected":false},"author":1,"featured_media":12811,"comment_status":"closed","ping_status":"closed","sticky":false,"template":"","format":"standard","meta":{"_jetpack_memberships_contains_paid_content":false,"footnotes":""},"categories":[1],"tags":[],"class_list":["post-12813","post","type-post","status-publish","format-standard","has-post-thumbnail","hentry","category-sin-categoria"],"jetpack_featured_media_url":"https:\/\/i0.wp.com\/transitobucaramanga.gov.co\/dtb\/wp-content\/uploads\/2026\/09\/banner-04092026-comunicado-concierto.png?fit=1080%2C1080&ssl=1","jetpack_sharing_enabled":true,"_links":{"self":[{"href":"https:\/\/transitobucaramanga.gov.co\/dtb\/wp-json\/wp\/v2\/posts\/12813","targetHints":{"allow":["GET"]}}],"collection":[{"href":"https:\/\/transitobucaramanga.gov.co\/dtb\/wp-json\/wp\/v2\/posts"}],"about":[{"href":"https:\/\/transitobucaramanga.gov.co\/dtb\/wp-json\/wp\/v2\/types\/post"}],"author":[{"embeddable":true,"href":"https:\/\/transitobucaramanga.gov.co\/dtb\/wp-json\/wp\/v2\/users\/1"}],"replies":[{"embeddable":true,"href":"https:\/\/transitobucaramanga.gov.co\/dtb\/wp-json\/wp\/v2\/comments?post=12813"}],"version-history":[{"count":1,"href":"https:\/\/transitobucaramanga.gov.co\/dtb\/wp-json\/wp\/v2\/posts\/12813\/revisions"}],"predecessor-version":[{"id":12815,"href":"https:\/\/transitobucaramanga.gov.co\/dtb\/wp-json\/wp\/v2\/posts\/12813\/revisions\/12815"}],"wp:featuredmedia":[{"embeddable":true,"href":"https:\/\/transitobucaramanga.gov.co\/dtb\/wp-json\/wp\/v2\/media\/12811"}],"wp:attachment":[{"href":"https:\/\/transitobucaramanga.gov.co\/dtb\/wp-json\/wp\/v2\/media?parent=12813"}],"wp:term":[{"taxonomy":"category","embeddable":true,"href":"https:\/\/transitobucaramanga.gov.co\/dtb\/wp-json\/wp\/v2\/categories?post=12813"},{"taxonomy":"post_tag","embeddable":true,"href":"https:\/\/transitobucaramanga.gov.co\/dtb\/wp-json\/wp\/v2\/tags?post=12813"}],"curies":[{"name":"wp","href":"https:\/\/api.w.org\/{rel}","templated":true}]}}