{"id":12819,"date":"2026-09-04T15:03:25","date_gmt":"2026-09-04T20:03:25","guid":{"rendered":"https:\/\/transitobucaramanga.gov.co\/dtb\/?p=12819"},"modified":"2026-09-04T15:03:25","modified_gmt":"2026-09-04T20:03:25","slug":"en-mi-moto-me-gano-la-vida-no-la-pierdo","status":"publish","type":"post","link":"https:\/\/transitobucaramanga.gov.co\/dtb\/archivos\/12819","title":{"rendered":"En mi moto me gano la vida, no la pierdo"},"content":{"rendered":"<p style=\"font-weight: 400;\">Con el prop\u00f3sito de proteger la vida de los motociclistas y promover una movilidad m\u00e1s segura y responsable, la Direcci\u00f3n de Tr\u00e1nsito de Bucaramanga impulsa la campa\u00f1a \u201cEn mi moto me gano la vida, no la pierdo\u201d, una estrategia que busca generar conciencia frente a los riesgos que se presentan diariamente en las calles de la ciudad.<\/p>\n<p style=\"font-weight: 400;\">La iniciativa, liderada por la Direcci\u00f3n de Tr\u00e1nsito de Bucaramanga bajo las directrices de la Administraci\u00f3n Municipal, parte de una realidad que requiere atenci\u00f3n: los motociclistas representan un sector especialmente vulnerable en materia de seguridad vial y, al mismo tiempo, concentran una importante cantidad de infracciones de tr\u00e1nsito.<\/p>\n<p style=\"font-weight: 400;\">\u201cNo estamos persiguiendo a los motociclistas, estamos tratando de proteger sus vidas\u201d, se\u00f1al\u00f3 Jhair Manrique, director de Tr\u00e1nsito de Bucaramanga, quien hizo un llamado a los actores que hacen parte de la cadena de domicilios a asumir un compromiso conjunto con la seguridad vial. De acuerdo con el funcionario, detr\u00e1s de algunas conductas de riesgo existe una presi\u00f3n por cumplir con los tiempos de entrega de los domicilios. Esta situaci\u00f3n puede llevar a algunos motociclistas a realizar maniobras peligrosas como cruzar de manera indebida, circular en contrav\u00eda, invadir espacios prohibidos o superar separadores, poniendo en riesgo su propia vida y la de los dem\u00e1s actores viales. Por esta raz\u00f3n, la campa\u00f1a no busca dirigir el mensaje \u00fanicamente a los motociclistas. Tambi\u00e9n pretende involucrar a los propietarios y administradores de restaurantes, empresas de domicilios y ciudadanos que solicitan estos servicios.<\/p>\n<p style=\"font-weight: 400;\">\nLa Direcci\u00f3n de Tr\u00e1nsito hace \u00e9nfasis en que la seguridad vial es una responsabilidad compartida. La presi\u00f3n por recibir un domicilio en pocos minutos no puede estar por encima de la vida de quien se desplaza en motocicleta para llevarlo hasta su destino. \u201cSi esperamos dos o tres minutos, protegemos d\u00edas\u201d, es uno de los mensajes centrales de esta estrategia, con el que se busca recordar que detr\u00e1s de cada domicilio existe una persona, una familia y un proyecto de vida que merece regresar a casa.<\/p>\n<p style=\"font-weight: 400;\">\nLa campa\u00f1a \u201cEn mi moto me gano la vida, no la pierdo\u201d invita a los motociclistas a respetar las normas de tr\u00e1nsito, utilizar los elementos de protecci\u00f3n, conducir con responsabilidad y evitar maniobras que puedan terminar en un siniestro vial. Asimismo, convoca a restaurantes, empresas y usuarios de domicilios a comprender que ninguna entrega es tan urgente como para poner en riesgo una vida. La Direcci\u00f3n de Tr\u00e1nsito de Bucaramanga continuar\u00e1 desarrollando acciones pedag\u00f3gicas, preventivas y de control encaminadas a fortalecer la cultura vial y reducir los factores de riesgo en las calles de la ciudad.<\/p>\n<p style=\"font-weight: 400;\">\n<p style=\"font-weight: 400;\">Oficina Comunicaci\u00f3n y Prensa<\/p>\n<p style=\"font-weight: 400;\">Direcci\u00f3n de Tr\u00e1nsito de Bucaramanga<\/p>\n<p>&nbsp;<\/p>\n<h2><a href=\"https:\/\/transitobucaramanga.gov.co\/dtb\/wp-content\/uploads\/2026\/09\/comunicado-04092026-me-gano-la-vida.pdf\" target=\"_blank\" rel=\"noopener\"><span style=\"color: #34ba3d;\">Ver comunicado de prensa<\/span><\/a><\/h2>\n","protected":false},"excerpt":{"rendered":"<p>Con el prop\u00f3sito de proteger la vida de los motociclistas y promover una movilidad m\u00e1s segura y responsable, la Direcci\u00f3n de Tr\u00e1nsito de Bucaramanga impulsa la campa\u00f1a \u201cEn mi moto me gano la vida, no la pierdo\u201d, una estrategia que busca generar conciencia frente a los riesgos que se presentan diariamente en las calles de  [&#8230;]<\/p>\n","protected":false},"author":1,"featured_media":12817,"comment_status":"closed","ping_status":"closed","sticky":false,"template":"","format":"standard","meta":{"_jetpack_memberships_contains_paid_content":false,"footnotes":""},"categories":[1],"tags":[],"class_list":["post-12819","post","type-post","status-publish","format-standard","has-post-thumbnail","hentry","category-sin-categoria"],"jetpack_featured_media_url":"https:\/\/i0.wp.com\/transitobucaramanga.gov.co\/dtb\/wp-content\/uploads\/2026\/09\/banner-04092026-me-gano-la-vida.jpeg?fit=692%2C692&ssl=1","jetpack_sharing_enabled":true,"_links":{"self":[{"href":"https:\/\/transitobucaramanga.gov.co\/dtb\/wp-json\/wp\/v2\/posts\/12819","targetHints":{"allow":["GET"]}}],"collection":[{"href":"https:\/\/transitobucaramanga.gov.co\/dtb\/wp-json\/wp\/v2\/posts"}],"about":[{"href":"https:\/\/transitobucaramanga.gov.co\/dtb\/wp-json\/wp\/v2\/types\/post"}],"author":[{"embeddable":true,"href":"https:\/\/transitobucaramanga.gov.co\/dtb\/wp-json\/wp\/v2\/users\/1"}],"replies":[{"embeddable":true,"href":"https:\/\/transitobucaramanga.gov.co\/dtb\/wp-json\/wp\/v2\/comments?post=12819"}],"version-history":[{"count":1,"href":"https:\/\/transitobucaramanga.gov.co\/dtb\/wp-json\/wp\/v2\/posts\/12819\/revisions"}],"predecessor-version":[{"id":12820,"href":"https:\/\/transitobucaramanga.gov.co\/dtb\/wp-json\/wp\/v2\/posts\/12819\/revisions\/12820"}],"wp:featuredmedia":[{"embeddable":true,"href":"https:\/\/transitobucaramanga.gov.co\/dtb\/wp-json\/wp\/v2\/media\/12817"}],"wp:attachment":[{"href":"https:\/\/transitobucaramanga.gov.co\/dtb\/wp-json\/wp\/v2\/media?parent=12819"}],"wp:term":[{"taxonomy":"category","embeddable":true,"href":"https:\/\/transitobucaramanga.gov.co\/dtb\/wp-json\/wp\/v2\/categories?post=12819"},{"taxonomy":"post_tag","embeddable":true,"href":"https:\/\/transitobucaramanga.gov.co\/dtb\/wp-json\/wp\/v2\/tags?post=12819"}],"curies":[{"name":"wp","href":"https:\/\/api.w.org\/{rel}","templated":true}]}}